{"id":4007,"date":"2023-11-22T23:40:58","date_gmt":"2023-11-22T23:40:58","guid":{"rendered":"http:\/\/heimdall-gallery.com\/?p=4007"},"modified":"2025-07-12T12:33:06","modified_gmt":"2025-07-12T12:33:06","slug":"tomas-lacke","status":"publish","type":"post","link":"https:\/\/heimdall-gallery.com\/fr\/tomas-lacke\/","title":{"rendered":"Tomas Lacke"},"content":{"rendered":"<p>[et_pb_section fb_built=\u00a0\u00bb1&Prime; admin_label=\u00a0\u00bbInformations sur l&rsquo;auteur\u00a0\u00bb module_class=\u00a0\u00bbartist-header-section\u00a0\u00bb _builder_version=\u00a0\u00bb4.17.4&Prime; _module_preset=\u00a0\u00bbdefault\u00a0\u00bb global_colors_info=\u00a0\u00bb{}\u00a0\u00bb][et_pb_row module_class=\u00a0\u00bbartist-header-row\u00a0\u00bb _builder_version=\u00a0\u00bb4.17.4&Prime; _module_preset=\u00a0\u00bbdefault\u00a0\u00bb global_colors_info=\u00a0\u00bb{}\u00a0\u00bb][et_pb_column type=\u00a0\u00bb4_4&Prime; _builder_version=\u00a0\u00bb4.17.4&Prime; _module_preset=\u00a0\u00bbdefault\u00a0\u00bb global_colors_info=\u00a0\u00bb{}\u00a0\u00bb][et_pb_blurb admin_label=\u00a0\u00bbPicture\u00a0\u00bb module_class=\u00a0\u00bbartist-header-pic\u00a0\u00bb _builder_version=\u00a0\u00bb4.27.4&Prime; _module_preset=\u00a0\u00bbdefault\u00a0\u00bb background_image=\u00a0\u00bbhttps:\/\/heimdall-gallery.com\/wp-content\/uploads\/2023\/11\/78c46212-9f73-493d-bba8-b0a526805e32-2-copie-2.jpg\u00a0\u00bb animation_style=\u00a0\u00bbfade\u00a0\u00bb animation_duration=\u00a0\u00bb500ms\u00a0\u00bb animation_starting_opacity=\u00a0\u00bb3%\u00a0\u00bb global_colors_info=\u00a0\u00bb{}\u00a0\u00bb][\/et_pb_blurb][et_pb_cta title=\u00a0\u00bbTomas Lacke\u00a0\u00bb admin_label=\u00a0\u00bbBiography\u00a0\u00bb module_class=\u00a0\u00bbartist-header-bio\u00a0\u00bb _builder_version=\u00a0\u00bb4.27.4&Prime; _module_preset=\u00a0\u00bbdefault\u00a0\u00bb header_level=\u00a0\u00bbh1&Prime; body_text_align=\u00a0\u00bbleft\u00a0\u00bb background_layout=\u00a0\u00bblight\u00a0\u00bb animation_style=\u00a0\u00bbslide\u00a0\u00bb animation_direction=\u00a0\u00bbbottom\u00a0\u00bb animation_intensity_slide=\u00a0\u00bb2%\u00a0\u00bb global_colors_info=\u00a0\u00bb{}\u00a0\u00bb]<\/p>\n<p>N\u00e9 en 1976 \u00e0 Stockholm, Tomas Lacke est un artiste autodidacte su\u00e9dois qui pratique \u00e0 la fois la peinture et la sculpture. L\u2019absence de cours th\u00e9orique et sa libre utilisation de la technique mixte lui permettant d\u2019exp\u00e9rimenter et de trouver de nouveaux horizons dans son processus de cr\u00e9ation.<\/p>\n<p>Dans ses peintures, on trouve de grandes \u0153uvres abstraites et figuratives dans un m\u00e9lange de couleurs chaudes et terreuses.<\/p>\n<p>Ses \u0153uvres abstraites, r\u00e9alis\u00e9es par superposition de textures et de pigments fluides, explorent des territoires entre mati\u00e8re, \u00e9motion et myst\u00e8re. Chaque tableau semble na\u00eetre d\u2019un processus organique, presque volcanique, o\u00f9 les formes ne sont jamais fig\u00e9es, mais en constante mutation. Elles nous invitent \u00e0 contempler l\u2019instable, \u00e0 accepter l\u2019impermanence et \u00e0 projeter notre propre imaginaire dans leurs profondeurs.<\/p>\n<p>Par l\u2019usage de textures organiques et de contrastes marqu\u00e9s, l\u2019artiste cr\u00e9e des compositions qui \u00e9voquent \u00e0 la fois des paysages int\u00e9rieurs et des ph\u00e9nom\u00e8nes naturels en mutation. Son geste pictural oscille entre contr\u00f4le et hasard, laissant la mati\u00e8re se r\u00e9v\u00e9ler d\u2019elle-m\u00eame, comme une alchimie en cours. Les \u0153uvres d\u00e9gagent une tension entre apparition et effacement, entre solidit\u00e9 et dissolution, convoquant des formes ambigu\u00ebs qui stimulent l\u2019imaginaire du spectateur. Le r\u00e9sultat est une peinture sensuelle et vibrante, o\u00f9 la surface devient territoire d\u2019exploration, de profondeur et de silence.<\/p>\n<p>Son art est aujourd\u2019hui repr\u00e9sent\u00e9 en Su\u00e8de, au Danemark, en Angleterre, en Belgique et en France.<\/p>\n<p><strong>\u00ab\u00a0La force motrice de la peinture est d&rsquo;utiliser les couleurs et les contrastes pour donner de la profondeur aux tableaux. Elles doivent vous toucher. Il ne s&rsquo;agit pas seulement d&rsquo;un objet de d\u00e9coration int\u00e9rieure. Encore une fois, il faut ressentir lorsqu&rsquo;on les regarde.\u00a0\u00bb<\/strong><\/p>\n<p>[\/et_pb_cta][\/et_pb_column][\/et_pb_row][\/et_pb_section][et_pb_section fb_built=\u00a0\u00bb1&Prime; admin_label=\u00a0\u00bbListe des projets\u00a0\u00bb module_class=\u00a0\u00bbartist-projects-section\u00a0\u00bb _builder_version=\u00a0\u00bb4.17.4&Prime; _module_preset=\u00a0\u00bbdefault\u00a0\u00bb global_colors_info=\u00a0\u00bb{}\u00a0\u00bb][et_pb_row module_class=\u00a0\u00bbartist-projects-row\u00a0\u00bb _builder_version=\u00a0\u00bb4.17.4&Prime; _module_preset=\u00a0\u00bbdefault\u00a0\u00bb global_colors_info=\u00a0\u00bb{}\u00a0\u00bb][et_pb_column type=\u00a0\u00bb4_4&Prime; _builder_version=\u00a0\u00bb4.17.4&Prime; _module_preset=\u00a0\u00bbdefault\u00a0\u00bb global_colors_info=\u00a0\u00bb{}\u00a0\u00bb][et_pb_portfolio posts_number=\u00a0\u00bb1000&Prime; include_categories=\u00a0\u00bb106&Prime; show_categories=\u00a0\u00bboff\u00a0\u00bb show_pagination=\u00a0\u00bboff\u00a0\u00bb admin_label=\u00a0\u00bbProjects\u00a0\u00bb module_class=\u00a0\u00bbartist-projects-module\u00a0\u00bb _builder_version=\u00a0\u00bb4.27.4&Prime; _module_preset=\u00a0\u00bbdefault\u00a0\u00bb animation_style=\u00a0\u00bbslide\u00a0\u00bb animation_direction=\u00a0\u00bbbottom\u00a0\u00bb animation_intensity_slide=\u00a0\u00bb0%\u00a0\u00bb global_colors_info=\u00a0\u00bb{}\u00a0\u00bb][\/et_pb_portfolio][\/et_pb_column][\/et_pb_row][\/et_pb_section][et_pb_section fb_built=\u00a0\u00bb1&Prime; admin_label=\u00a0\u00bbContact\u00a0\u00bb module_class=\u00a0\u00bbcontact-section\u00a0\u00bb _builder_version=\u00a0\u00bb4.17.4&Prime; _module_preset=\u00a0\u00bbdefault\u00a0\u00bb global_colors_info=\u00a0\u00bb{}\u00a0\u00bb][et_pb_row module_class=\u00a0\u00bbcontact-row\u00a0\u00bb _builder_version=\u00a0\u00bb4.17.4&Prime; _module_preset=\u00a0\u00bbdefault\u00a0\u00bb global_colors_info=\u00a0\u00bb{}\u00a0\u00bb][et_pb_column type=\u00a0\u00bb4_4&Prime; _builder_version=\u00a0\u00bb4.17.4&Prime; _module_preset=\u00a0\u00bbdefault\u00a0\u00bb global_colors_info=\u00a0\u00bb{}\u00a0\u00bb][et_pb_cta title=\u00a0\u00bbObtenir le catalogue des oeuvres?\u00a0\u00bb button_url=\u00a0\u00bb\/contact\/\u00a0\u00bb button_text=\u00a0\u00bbContactez-nous\u00a0\u00bb admin_label=\u00a0\u00bbContenu\u00a0\u00bb module_class=\u00a0\u00bbcontact-module text-link\u00a0\u00bb _builder_version=\u00a0\u00bb4.23&Prime; _module_preset=\u00a0\u00bbdefault\u00a0\u00bb header_level=\u00a0\u00bbh3&Prime; background_layout=\u00a0\u00bblight\u00a0\u00bb animation_style=\u00a0\u00bbfade\u00a0\u00bb animation_duration=\u00a0\u00bb900ms\u00a0\u00bb animation_starting_opacity=\u00a0\u00bb5%\u00a0\u00bb global_colors_info=\u00a0\u00bb{}\u00a0\u00bb]<\/p>\n<p><span>Nous vous enverrons tous les renseignements n\u00e9cessaires pour vous aider \u00e0 choisir.<\/span><\/p>\n<p>[\/et_pb_cta][\/et_pb_column][\/et_pb_row][\/et_pb_section]<\/p>\n","protected":false},"excerpt":{"rendered":"<p>N\u00e9 en 1976 \u00e0 Stockholm, Tomas Lacke est un artiste autodidacte su\u00e9dois qui pratique \u00e0 la fois la peinture et la sculpture. L\u2019absence de cours th\u00e9orique et sa libre utilisation de la technique mixte lui permettant d\u2019exp\u00e9rimenter et de trouver de nouveaux horizons dans son processus de cr\u00e9ation. Dans ses peintures, on trouve de grandes \u0153uvres abstraites et figuratives dans un m\u00e9lange de couleurs chaudes et terreuses. Ses \u0153uvres abstraites, r\u00e9alis\u00e9es par superposition de textures et de pigments fluides, explorent des territoires entre mati\u00e8re, \u00e9motion et myst\u00e8re. Chaque tableau semble na\u00eetre d\u2019un processus organique, presque volcanique, o\u00f9 les formes ne sont jamais fig\u00e9es, mais en constante mutation. Elles nous invitent \u00e0 contempler l\u2019instable, \u00e0 accepter l\u2019impermanence et \u00e0 projeter notre propre imaginaire dans leurs profondeurs. Par l\u2019usage de textures organiques et de contrastes marqu\u00e9s, l\u2019artiste cr\u00e9e des compositions qui \u00e9voquent \u00e0 la fois des paysages int\u00e9rieurs et des ph\u00e9nom\u00e8nes naturels en mutation. Son geste pictural oscille entre contr\u00f4le et hasard, laissant la mati\u00e8re se r\u00e9v\u00e9ler d\u2019elle-m\u00eame, comme une alchimie en cours. Les \u0153uvres d\u00e9gagent une tension entre apparition et effacement, entre solidit\u00e9 et dissolution, convoquant des formes ambigu\u00ebs qui stimulent l\u2019imaginaire du spectateur. Le r\u00e9sultat est une peinture sensuelle et [&hellip;]<\/p>\n","protected":false},"author":4,"featured_media":8515,"comment_status":"closed","ping_status":"closed","sticky":false,"template":"","format":"standard","meta":{"_et_pb_use_builder":"on","_et_pb_old_content":"<p>[et_pb_section fb_built=\"1\" admin_label=\"Informations sur l'auteur\" module_class=\"artist-header-section\" _builder_version=\"4.17.4\" _module_preset=\"default\" global_colors_info=\"{}\"][et_pb_row module_class=\"artist-header-row\" _builder_version=\"4.17.4\" _module_preset=\"default\" global_colors_info=\"{}\"][et_pb_column type=\"4_4\" _builder_version=\"4.17.4\" _module_preset=\"default\" global_colors_info=\"{}\"][et_pb_blurb admin_label=\"Picture\" module_class=\"artist-header-pic\" _builder_version=\"4.23\" _module_preset=\"default\" background_image=\"http:\/\/heimdall-gallery.com\/wp-content\/uploads\/2023\/11\/Portratt-staende-2_-Foto-Anouk-Dautheville-Guibal-copie-scaled.jpg\" animation_style=\"fade\" animation_duration=\"500ms\" animation_starting_opacity=\"3%\" global_colors_info=\"{}\"][\/et_pb_blurb][et_pb_cta title=\"Linda Williams\" admin_label=\"Biography\" module_class=\"artist-header-bio\" _builder_version=\"4.23\" _module_preset=\"default\" header_level=\"h1\" body_text_align=\"left\" background_layout=\"light\" animation_style=\"slide\" animation_direction=\"bottom\" animation_intensity_slide=\"2%\" global_colors_info=\"{}\"]<\/p><p>Linda Williams was born in Sweden in 1976 and has lived in Paris since 2004. After studying\u0301 in the 'Art, Crafts and Design' section at the Nyckelviksskolan School of Art in Stockholm in 2012-13, she took a number of courses in artistic techniques such as ceramics, sculpture and screen printing.<\/p><p>Linda Williams is exhibiting a series of paintings devoted to spring, symbolising 'becoming': something joyous and full of life that is reborn after the desolation of winter. She draws her inspiration from 'kalhygge' - the clearings formed by the felling of trees in forests. These are 'broken lands'; a desolate space, but lush with diverse regrowth; desolate, but also full of hope and reminiscence. This particular space is as abstract as a sensation, a feeling, a memory.<\/p><p>In her artistic work, Linda Williams seeks out the emotions she feels when confronted with nature, and the sensations that were imprinted on her body and left a deep impression on her during her childhood in Sweden. There is a kind of intimate, personal truth here, a quest that painting must convey, with its constantly reinvented language.<\/p><p>\u201cAnd it was there somewhere that I became who I am today (Och d\u00e4r n\u00e5nstans blev jag den jag \u00e4r nu). This phrase from the song 'S\u00f6ndermarken' by Lars Winnerb\u00e4ck is particularly meaningful to me. In my painting, I keep returning to the landscapes of my childhood in Dalarna, the landscapes where I actually 'became who I am today'. No doubt to understand myself, but also to convey the emotion of the beauty of nature.\"<\/p><p>[\/et_pb_cta][\/et_pb_column][\/et_pb_row][\/et_pb_section][et_pb_section fb_built=\"1\" admin_label=\"Liste des projets\" module_class=\"artist-projects-section\" _builder_version=\"4.17.4\" _module_preset=\"default\" global_colors_info=\"{}\"][et_pb_row module_class=\"artist-projects-row\" _builder_version=\"4.17.4\" _module_preset=\"default\" global_colors_info=\"{}\"][et_pb_column type=\"4_4\" _builder_version=\"4.17.4\" _module_preset=\"default\" global_colors_info=\"{}\"][et_pb_portfolio posts_number=\"1000\" include_categories=\"36\" show_categories=\"off\" show_pagination=\"off\" admin_label=\"Projects\" module_class=\"artist-projects-module\" _builder_version=\"4.23\" _module_preset=\"default\" animation_style=\"slide\" animation_direction=\"bottom\" animation_intensity_slide=\"0%\" global_colors_info=\"{}\"][\/et_pb_portfolio][\/et_pb_column][\/et_pb_row][\/et_pb_section][et_pb_section fb_built=\"1\" admin_label=\"Contact\" module_class=\"contact-section\" _builder_version=\"4.17.4\" _module_preset=\"default\" global_colors_info=\"{}\"][et_pb_row module_class=\"contact-row\" _builder_version=\"4.17.4\" _module_preset=\"default\" global_colors_info=\"{}\"][et_pb_column type=\"4_4\" _builder_version=\"4.17.4\" _module_preset=\"default\" global_colors_info=\"{}\"][et_pb_cta title=\"Want the catalogue of works?\" button_url=\"\/contact\/\" button_text=\"Contact us\" admin_label=\"Contenu\" module_class=\"contact-module text-link\" _builder_version=\"4.17.4\" _module_preset=\"default\" header_level=\"h3\" background_layout=\"light\" animation_style=\"fade\" animation_duration=\"900ms\" animation_starting_opacity=\"5%\" global_colors_info=\"{}\"]<\/p><p>We will give you all the information you need to help you choose.<\/p><p>[\/et_pb_cta][\/et_pb_column][\/et_pb_row][\/et_pb_section]<\/p>","_et_gb_content_width":"","footnotes":""},"categories":[14],"tags":[],"class_list":["post-4007","post","type-post","status-publish","format-standard","has-post-thumbnail","hentry","category-non-classifiee"],"yoast_head":"<!-- This site is optimized with the Yoast SEO plugin v27.5 - https:\/\/yoast.com\/product\/yoast-seo-wordpress\/ -->\n<title>Tomas Lacke - Heimdall Gallery<\/title>\n<meta name=\"robots\" content=\"index, follow, max-snippet:-1, max-image-preview:large, max-video-preview:-1\" \/>\n<link rel=\"canonical\" href=\"https:\/\/heimdall-gallery.com\/fr\/tomas-lacke\/\" \/>\n<meta property=\"og:locale\" content=\"fr_FR\" \/>\n<meta property=\"og:type\" content=\"article\" \/>\n<meta property=\"og:title\" content=\"Tomas Lacke - Heimdall Gallery\" \/>\n<meta property=\"og:description\" content=\"N\u00e9 en 1976 \u00e0 Stockholm, Tomas Lacke est un artiste autodidacte su\u00e9dois qui pratique \u00e0 la fois la peinture et la sculpture. L\u2019absence de cours th\u00e9orique et sa libre utilisation de la technique mixte lui permettant d\u2019exp\u00e9rimenter et de trouver de nouveaux horizons dans son processus de cr\u00e9ation. Dans ses peintures, on trouve de grandes \u0153uvres abstraites et figuratives dans un m\u00e9lange de couleurs chaudes et terreuses. Ses \u0153uvres abstraites, r\u00e9alis\u00e9es par superposition de textures et de pigments fluides, explorent des territoires entre mati\u00e8re, \u00e9motion et myst\u00e8re. Chaque tableau semble na\u00eetre d\u2019un processus organique, presque volcanique, o\u00f9 les formes ne sont jamais fig\u00e9es, mais en constante mutation. Elles nous invitent \u00e0 contempler l\u2019instable, \u00e0 accepter l\u2019impermanence et \u00e0 projeter notre propre imaginaire dans leurs profondeurs. Par l\u2019usage de textures organiques et de contrastes marqu\u00e9s, l\u2019artiste cr\u00e9e des compositions qui \u00e9voquent \u00e0 la fois des paysages int\u00e9rieurs et des ph\u00e9nom\u00e8nes naturels en mutation. Son geste pictural oscille entre contr\u00f4le et hasard, laissant la mati\u00e8re se r\u00e9v\u00e9ler d\u2019elle-m\u00eame, comme une alchimie en cours. Les \u0153uvres d\u00e9gagent une tension entre apparition et effacement, entre solidit\u00e9 et dissolution, convoquant des formes ambigu\u00ebs qui stimulent l\u2019imaginaire du spectateur. Le r\u00e9sultat est une peinture sensuelle et [&hellip;]\" \/>\n<meta property=\"og:url\" content=\"https:\/\/heimdall-gallery.com\/fr\/tomas-lacke\/\" \/>\n<meta property=\"og:site_name\" content=\"Heimdall Gallery\" \/>\n<meta property=\"article:published_time\" content=\"2023-11-22T23:40:58+00:00\" \/>\n<meta property=\"article:modified_time\" content=\"2025-07-12T12:33:06+00:00\" \/>\n<meta property=\"og:image\" content=\"https:\/\/heimdall-gallery.com\/wp-content\/uploads\/2023\/11\/Lacke_imagesite.jpg\" \/>\n\t<meta property=\"og:image:width\" content=\"567\" \/>\n\t<meta property=\"og:image:height\" content=\"567\" \/>\n\t<meta property=\"og:image:type\" content=\"image\/jpeg\" \/>\n<meta name=\"author\" content=\"Andreas Fensby\" \/>\n<meta name=\"twitter:card\" content=\"summary_large_image\" \/>\n<meta name=\"twitter:label1\" content=\"\u00c9crit par\" \/>\n\t<meta name=\"twitter:data1\" content=\"Andreas Fensby\" \/>\n\t<meta name=\"twitter:label2\" content=\"Dur\u00e9e de lecture estim\u00e9e\" \/>\n\t<meta name=\"twitter:data2\" content=\"3 minutes\" \/>\n<script type=\"application\/ld+json\" class=\"yoast-schema-graph\">{\"@context\":\"https:\\\/\\\/schema.org\",\"@graph\":[{\"@type\":\"Article\",\"@id\":\"https:\\\/\\\/heimdall-gallery.com\\\/fr\\\/tomas-lacke\\\/#article\",\"isPartOf\":{\"@id\":\"https:\\\/\\\/heimdall-gallery.com\\\/fr\\\/tomas-lacke\\\/\"},\"author\":{\"name\":\"Andreas Fensby\",\"@id\":\"https:\\\/\\\/heimdall-gallery.com\\\/fr\\\/#\\\/schema\\\/person\\\/a146aac84b11d268989991d6d65fd64b\"},\"headline\":\"Tomas Lacke\",\"datePublished\":\"2023-11-22T23:40:58+00:00\",\"dateModified\":\"2025-07-12T12:33:06+00:00\",\"mainEntityOfPage\":{\"@id\":\"https:\\\/\\\/heimdall-gallery.com\\\/fr\\\/tomas-lacke\\\/\"},\"wordCount\":664,\"publisher\":{\"@id\":\"https:\\\/\\\/heimdall-gallery.com\\\/fr\\\/#organization\"},\"image\":{\"@id\":\"https:\\\/\\\/heimdall-gallery.com\\\/fr\\\/tomas-lacke\\\/#primaryimage\"},\"thumbnailUrl\":\"https:\\\/\\\/heimdall-gallery.com\\\/wp-content\\\/uploads\\\/2023\\\/11\\\/Lacke_imagesite.jpg\",\"articleSection\":[\"Non classifi\u00e9(e)\"],\"inLanguage\":\"fr-FR\"},{\"@type\":\"WebPage\",\"@id\":\"https:\\\/\\\/heimdall-gallery.com\\\/fr\\\/tomas-lacke\\\/\",\"url\":\"https:\\\/\\\/heimdall-gallery.com\\\/fr\\\/tomas-lacke\\\/\",\"name\":\"Tomas Lacke - Heimdall Gallery\",\"isPartOf\":{\"@id\":\"https:\\\/\\\/heimdall-gallery.com\\\/fr\\\/#website\"},\"primaryImageOfPage\":{\"@id\":\"https:\\\/\\\/heimdall-gallery.com\\\/fr\\\/tomas-lacke\\\/#primaryimage\"},\"image\":{\"@id\":\"https:\\\/\\\/heimdall-gallery.com\\\/fr\\\/tomas-lacke\\\/#primaryimage\"},\"thumbnailUrl\":\"https:\\\/\\\/heimdall-gallery.com\\\/wp-content\\\/uploads\\\/2023\\\/11\\\/Lacke_imagesite.jpg\",\"datePublished\":\"2023-11-22T23:40:58+00:00\",\"dateModified\":\"2025-07-12T12:33:06+00:00\",\"breadcrumb\":{\"@id\":\"https:\\\/\\\/heimdall-gallery.com\\\/fr\\\/tomas-lacke\\\/#breadcrumb\"},\"inLanguage\":\"fr-FR\",\"potentialAction\":[{\"@type\":\"ReadAction\",\"target\":[\"https:\\\/\\\/heimdall-gallery.com\\\/fr\\\/tomas-lacke\\\/\"]}]},{\"@type\":\"ImageObject\",\"inLanguage\":\"fr-FR\",\"@id\":\"https:\\\/\\\/heimdall-gallery.com\\\/fr\\\/tomas-lacke\\\/#primaryimage\",\"url\":\"https:\\\/\\\/heimdall-gallery.com\\\/wp-content\\\/uploads\\\/2023\\\/11\\\/Lacke_imagesite.jpg\",\"contentUrl\":\"https:\\\/\\\/heimdall-gallery.com\\\/wp-content\\\/uploads\\\/2023\\\/11\\\/Lacke_imagesite.jpg\",\"width\":567,\"height\":567},{\"@type\":\"BreadcrumbList\",\"@id\":\"https:\\\/\\\/heimdall-gallery.com\\\/fr\\\/tomas-lacke\\\/#breadcrumb\",\"itemListElement\":[{\"@type\":\"ListItem\",\"position\":1,\"name\":\"Home\",\"item\":\"https:\\\/\\\/heimdall-gallery.com\\\/fr\\\/\"},{\"@type\":\"ListItem\",\"position\":2,\"name\":\"Tomas Lacke\"}]},{\"@type\":\"WebSite\",\"@id\":\"https:\\\/\\\/heimdall-gallery.com\\\/fr\\\/#website\",\"url\":\"https:\\\/\\\/heimdall-gallery.com\\\/fr\\\/\",\"name\":\"Heimdall Gallery\",\"description\":\"La beaut\u00e9 de la Scandinavie pour les passionn\u00e9s\",\"publisher\":{\"@id\":\"https:\\\/\\\/heimdall-gallery.com\\\/fr\\\/#organization\"},\"potentialAction\":[{\"@type\":\"SearchAction\",\"target\":{\"@type\":\"EntryPoint\",\"urlTemplate\":\"https:\\\/\\\/heimdall-gallery.com\\\/fr\\\/?s={search_term_string}\"},\"query-input\":{\"@type\":\"PropertyValueSpecification\",\"valueRequired\":true,\"valueName\":\"search_term_string\"}}],\"inLanguage\":\"fr-FR\"},{\"@type\":\"Organization\",\"@id\":\"https:\\\/\\\/heimdall-gallery.com\\\/fr\\\/#organization\",\"name\":\"Heimdall Gallery\",\"url\":\"https:\\\/\\\/heimdall-gallery.com\\\/fr\\\/\",\"logo\":{\"@type\":\"ImageObject\",\"inLanguage\":\"fr-FR\",\"@id\":\"https:\\\/\\\/heimdall-gallery.com\\\/fr\\\/#\\\/schema\\\/logo\\\/image\\\/\",\"url\":\"https:\\\/\\\/heimdall-gallery.com\\\/wp-content\\\/uploads\\\/2025\\\/08\\\/20220801_heimdall_logotype-bleu.jpg\",\"contentUrl\":\"https:\\\/\\\/heimdall-gallery.com\\\/wp-content\\\/uploads\\\/2025\\\/08\\\/20220801_heimdall_logotype-bleu.jpg\",\"width\":800,\"height\":800,\"caption\":\"Heimdall Gallery\"},\"image\":{\"@id\":\"https:\\\/\\\/heimdall-gallery.com\\\/fr\\\/#\\\/schema\\\/logo\\\/image\\\/\"},\"sameAs\":[\"https:\\\/\\\/www.instagram.com\\\/heimdall.gallery\\\/\"]},{\"@type\":\"Person\",\"@id\":\"https:\\\/\\\/heimdall-gallery.com\\\/fr\\\/#\\\/schema\\\/person\\\/a146aac84b11d268989991d6d65fd64b\",\"name\":\"Andreas Fensby\",\"image\":{\"@type\":\"ImageObject\",\"inLanguage\":\"fr-FR\",\"@id\":\"https:\\\/\\\/heimdall-gallery.com\\\/wp-content\\\/litespeed\\\/avatar\\\/9e37b47c05cafca64eefbff0c95883b5.jpg?ver=1777372437\",\"url\":\"https:\\\/\\\/heimdall-gallery.com\\\/wp-content\\\/litespeed\\\/avatar\\\/9e37b47c05cafca64eefbff0c95883b5.jpg?ver=1777372437\",\"contentUrl\":\"https:\\\/\\\/heimdall-gallery.com\\\/wp-content\\\/litespeed\\\/avatar\\\/9e37b47c05cafca64eefbff0c95883b5.jpg?ver=1777372437\",\"caption\":\"Andreas Fensby\"},\"url\":\"https:\\\/\\\/heimdall-gallery.com\\\/fr\\\/author\\\/andreas\\\/\"}]}<\/script>\n<!-- \/ Yoast SEO plugin. -->","yoast_head_json":{"title":"Tomas Lacke - Heimdall Gallery","robots":{"index":"index","follow":"follow","max-snippet":"max-snippet:-1","max-image-preview":"max-image-preview:large","max-video-preview":"max-video-preview:-1"},"canonical":"https:\/\/heimdall-gallery.com\/fr\/tomas-lacke\/","og_locale":"fr_FR","og_type":"article","og_title":"Tomas Lacke - Heimdall Gallery","og_description":"N\u00e9 en 1976 \u00e0 Stockholm, Tomas Lacke est un artiste autodidacte su\u00e9dois qui pratique \u00e0 la fois la peinture et la sculpture. L\u2019absence de cours th\u00e9orique et sa libre utilisation de la technique mixte lui permettant d\u2019exp\u00e9rimenter et de trouver de nouveaux horizons dans son processus de cr\u00e9ation. Dans ses peintures, on trouve de grandes \u0153uvres abstraites et figuratives dans un m\u00e9lange de couleurs chaudes et terreuses. Ses \u0153uvres abstraites, r\u00e9alis\u00e9es par superposition de textures et de pigments fluides, explorent des territoires entre mati\u00e8re, \u00e9motion et myst\u00e8re. Chaque tableau semble na\u00eetre d\u2019un processus organique, presque volcanique, o\u00f9 les formes ne sont jamais fig\u00e9es, mais en constante mutation. Elles nous invitent \u00e0 contempler l\u2019instable, \u00e0 accepter l\u2019impermanence et \u00e0 projeter notre propre imaginaire dans leurs profondeurs. Par l\u2019usage de textures organiques et de contrastes marqu\u00e9s, l\u2019artiste cr\u00e9e des compositions qui \u00e9voquent \u00e0 la fois des paysages int\u00e9rieurs et des ph\u00e9nom\u00e8nes naturels en mutation. Son geste pictural oscille entre contr\u00f4le et hasard, laissant la mati\u00e8re se r\u00e9v\u00e9ler d\u2019elle-m\u00eame, comme une alchimie en cours. Les \u0153uvres d\u00e9gagent une tension entre apparition et effacement, entre solidit\u00e9 et dissolution, convoquant des formes ambigu\u00ebs qui stimulent l\u2019imaginaire du spectateur. Le r\u00e9sultat est une peinture sensuelle et [&hellip;]","og_url":"https:\/\/heimdall-gallery.com\/fr\/tomas-lacke\/","og_site_name":"Heimdall Gallery","article_published_time":"2023-11-22T23:40:58+00:00","article_modified_time":"2025-07-12T12:33:06+00:00","og_image":[{"width":567,"height":567,"url":"https:\/\/heimdall-gallery.com\/wp-content\/uploads\/2023\/11\/Lacke_imagesite.jpg","type":"image\/jpeg"}],"author":"Andreas Fensby","twitter_card":"summary_large_image","twitter_misc":{"\u00c9crit par":"Andreas Fensby","Dur\u00e9e de lecture estim\u00e9e":"3 minutes"},"schema":{"@context":"https:\/\/schema.org","@graph":[{"@type":"Article","@id":"https:\/\/heimdall-gallery.com\/fr\/tomas-lacke\/#article","isPartOf":{"@id":"https:\/\/heimdall-gallery.com\/fr\/tomas-lacke\/"},"author":{"name":"Andreas Fensby","@id":"https:\/\/heimdall-gallery.com\/fr\/#\/schema\/person\/a146aac84b11d268989991d6d65fd64b"},"headline":"Tomas Lacke","datePublished":"2023-11-22T23:40:58+00:00","dateModified":"2025-07-12T12:33:06+00:00","mainEntityOfPage":{"@id":"https:\/\/heimdall-gallery.com\/fr\/tomas-lacke\/"},"wordCount":664,"publisher":{"@id":"https:\/\/heimdall-gallery.com\/fr\/#organization"},"image":{"@id":"https:\/\/heimdall-gallery.com\/fr\/tomas-lacke\/#primaryimage"},"thumbnailUrl":"https:\/\/heimdall-gallery.com\/wp-content\/uploads\/2023\/11\/Lacke_imagesite.jpg","articleSection":["Non classifi\u00e9(e)"],"inLanguage":"fr-FR"},{"@type":"WebPage","@id":"https:\/\/heimdall-gallery.com\/fr\/tomas-lacke\/","url":"https:\/\/heimdall-gallery.com\/fr\/tomas-lacke\/","name":"Tomas Lacke - Heimdall Gallery","isPartOf":{"@id":"https:\/\/heimdall-gallery.com\/fr\/#website"},"primaryImageOfPage":{"@id":"https:\/\/heimdall-gallery.com\/fr\/tomas-lacke\/#primaryimage"},"image":{"@id":"https:\/\/heimdall-gallery.com\/fr\/tomas-lacke\/#primaryimage"},"thumbnailUrl":"https:\/\/heimdall-gallery.com\/wp-content\/uploads\/2023\/11\/Lacke_imagesite.jpg","datePublished":"2023-11-22T23:40:58+00:00","dateModified":"2025-07-12T12:33:06+00:00","breadcrumb":{"@id":"https:\/\/heimdall-gallery.com\/fr\/tomas-lacke\/#breadcrumb"},"inLanguage":"fr-FR","potentialAction":[{"@type":"ReadAction","target":["https:\/\/heimdall-gallery.com\/fr\/tomas-lacke\/"]}]},{"@type":"ImageObject","inLanguage":"fr-FR","@id":"https:\/\/heimdall-gallery.com\/fr\/tomas-lacke\/#primaryimage","url":"https:\/\/heimdall-gallery.com\/wp-content\/uploads\/2023\/11\/Lacke_imagesite.jpg","contentUrl":"https:\/\/heimdall-gallery.com\/wp-content\/uploads\/2023\/11\/Lacke_imagesite.jpg","width":567,"height":567},{"@type":"BreadcrumbList","@id":"https:\/\/heimdall-gallery.com\/fr\/tomas-lacke\/#breadcrumb","itemListElement":[{"@type":"ListItem","position":1,"name":"Home","item":"https:\/\/heimdall-gallery.com\/fr\/"},{"@type":"ListItem","position":2,"name":"Tomas Lacke"}]},{"@type":"WebSite","@id":"https:\/\/heimdall-gallery.com\/fr\/#website","url":"https:\/\/heimdall-gallery.com\/fr\/","name":"Heimdall Gallery","description":"La beaut\u00e9 de la Scandinavie pour les passionn\u00e9s","publisher":{"@id":"https:\/\/heimdall-gallery.com\/fr\/#organization"},"potentialAction":[{"@type":"SearchAction","target":{"@type":"EntryPoint","urlTemplate":"https:\/\/heimdall-gallery.com\/fr\/?s={search_term_string}"},"query-input":{"@type":"PropertyValueSpecification","valueRequired":true,"valueName":"search_term_string"}}],"inLanguage":"fr-FR"},{"@type":"Organization","@id":"https:\/\/heimdall-gallery.com\/fr\/#organization","name":"Heimdall Gallery","url":"https:\/\/heimdall-gallery.com\/fr\/","logo":{"@type":"ImageObject","inLanguage":"fr-FR","@id":"https:\/\/heimdall-gallery.com\/fr\/#\/schema\/logo\/image\/","url":"https:\/\/heimdall-gallery.com\/wp-content\/uploads\/2025\/08\/20220801_heimdall_logotype-bleu.jpg","contentUrl":"https:\/\/heimdall-gallery.com\/wp-content\/uploads\/2025\/08\/20220801_heimdall_logotype-bleu.jpg","width":800,"height":800,"caption":"Heimdall Gallery"},"image":{"@id":"https:\/\/heimdall-gallery.com\/fr\/#\/schema\/logo\/image\/"},"sameAs":["https:\/\/www.instagram.com\/heimdall.gallery\/"]},{"@type":"Person","@id":"https:\/\/heimdall-gallery.com\/fr\/#\/schema\/person\/a146aac84b11d268989991d6d65fd64b","name":"Andreas Fensby","image":{"@type":"ImageObject","inLanguage":"fr-FR","@id":"https:\/\/heimdall-gallery.com\/wp-content\/litespeed\/avatar\/9e37b47c05cafca64eefbff0c95883b5.jpg?ver=1777372437","url":"https:\/\/heimdall-gallery.com\/wp-content\/litespeed\/avatar\/9e37b47c05cafca64eefbff0c95883b5.jpg?ver=1777372437","contentUrl":"https:\/\/heimdall-gallery.com\/wp-content\/litespeed\/avatar\/9e37b47c05cafca64eefbff0c95883b5.jpg?ver=1777372437","caption":"Andreas Fensby"},"url":"https:\/\/heimdall-gallery.com\/fr\/author\/andreas\/"}]}},"_links":{"self":[{"href":"https:\/\/heimdall-gallery.com\/fr\/wp-json\/wp\/v2\/posts\/4007","targetHints":{"allow":["GET"]}}],"collection":[{"href":"https:\/\/heimdall-gallery.com\/fr\/wp-json\/wp\/v2\/posts"}],"about":[{"href":"https:\/\/heimdall-gallery.com\/fr\/wp-json\/wp\/v2\/types\/post"}],"author":[{"embeddable":true,"href":"https:\/\/heimdall-gallery.com\/fr\/wp-json\/wp\/v2\/users\/4"}],"replies":[{"embeddable":true,"href":"https:\/\/heimdall-gallery.com\/fr\/wp-json\/wp\/v2\/comments?post=4007"}],"version-history":[{"count":9,"href":"https:\/\/heimdall-gallery.com\/fr\/wp-json\/wp\/v2\/posts\/4007\/revisions"}],"predecessor-version":[{"id":9325,"href":"https:\/\/heimdall-gallery.com\/fr\/wp-json\/wp\/v2\/posts\/4007\/revisions\/9325"}],"wp:featuredmedia":[{"embeddable":true,"href":"https:\/\/heimdall-gallery.com\/fr\/wp-json\/wp\/v2\/media\/8515"}],"wp:attachment":[{"href":"https:\/\/heimdall-gallery.com\/fr\/wp-json\/wp\/v2\/media?parent=4007"}],"wp:term":[{"taxonomy":"category","embeddable":true,"href":"https:\/\/heimdall-gallery.com\/fr\/wp-json\/wp\/v2\/categories?post=4007"},{"taxonomy":"post_tag","embeddable":true,"href":"https:\/\/heimdall-gallery.com\/fr\/wp-json\/wp\/v2\/tags?post=4007"}],"curies":[{"name":"wp","href":"https:\/\/api.w.org\/{rel}","templated":true}]}}