{"id":448,"date":"2022-10-19T09:49:06","date_gmt":"2022-10-19T09:49:06","guid":{"rendered":"https:\/\/heimdall-gallery.com\/?p=448"},"modified":"2025-07-25T09:54:42","modified_gmt":"2025-07-25T09:54:42","slug":"stefan-kavsjo","status":"publish","type":"post","link":"https:\/\/heimdall-gallery.com\/fr\/stefan-kavsjo\/","title":{"rendered":"Stefan Kavsj\u00f6"},"content":{"rendered":"<p>[et_pb_section fb_built=\u00a0\u00bb1&Prime; admin_label=\u00a0\u00bbInformations sur l&rsquo;auteur\u00a0\u00bb module_class=\u00a0\u00bbartist-header-section\u00a0\u00bb _builder_version=\u00a0\u00bb4.17.4&Prime; _module_preset=\u00a0\u00bbdefault\u00a0\u00bb global_colors_info=\u00a0\u00bb{}\u00a0\u00bb][et_pb_row module_class=\u00a0\u00bbartist-header-row\u00a0\u00bb _builder_version=\u00a0\u00bb4.17.4&Prime; _module_preset=\u00a0\u00bbdefault\u00a0\u00bb global_colors_info=\u00a0\u00bb{}\u00a0\u00bb][et_pb_column type=\u00a0\u00bb4_4&Prime; _builder_version=\u00a0\u00bb4.17.4&Prime; _module_preset=\u00a0\u00bbdefault\u00a0\u00bb global_colors_info=\u00a0\u00bb{}\u00a0\u00bb][et_pb_blurb admin_label=\u00a0\u00bbPicture\u00a0\u00bb module_class=\u00a0\u00bbartist-header-pic\u00a0\u00bb _builder_version=\u00a0\u00bb4.27.4&Prime; _module_preset=\u00a0\u00bbdefault\u00a0\u00bb background_image=\u00a0\u00bbhttps:\/\/heimdall-gallery.com\/wp-content\/uploads\/2022\/10\/Kavsjo-copie.jpg\u00a0\u00bb animation_style=\u00a0\u00bbfade\u00a0\u00bb animation_duration=\u00a0\u00bb500ms\u00a0\u00bb animation_starting_opacity=\u00a0\u00bb3%\u00a0\u00bb global_colors_info=\u00a0\u00bb{}\u00a0\u00bb][\/et_pb_blurb][et_pb_cta title=\u00a0\u00bbStefan Kavsj\u00f6\u00a0\u00bb admin_label=\u00a0\u00bbBiography\u00a0\u00bb module_class=\u00a0\u00bbartist-header-bio\u00a0\u00bb _builder_version=\u00a0\u00bb4.27.4&Prime; _module_preset=\u00a0\u00bbdefault\u00a0\u00bb header_level=\u00a0\u00bbh1&Prime; body_text_align=\u00a0\u00bbleft\u00a0\u00bb background_color=\u00a0\u00bbRGBA(255,255,255,0)\u00a0\u00bb background_layout=\u00a0\u00bblight\u00a0\u00bb animation_style=\u00a0\u00bbslide\u00a0\u00bb animation_direction=\u00a0\u00bbbottom\u00a0\u00bb animation_intensity_slide=\u00a0\u00bb2%\u00a0\u00bb hover_enabled=\u00a0\u00bb0&Prime; global_colors_info=\u00a0\u00bb{}\u00a0\u00bb sticky_enabled=\u00a0\u00bb0&Prime;]<\/p>\n<p>N\u00e9 en 1958 \u00e0 G\u00f6teborg, Stefan Kavsj\u00f6 est un peintre su\u00e9dois travaillant \u00e0 l\u2019huile sur toile. Il d\u00e9bute la peinture \u00e0 un jeune \u00e2ge en int\u00e9grant l\u2019\u00c9cole d\u2019art de Domen en 1980 et c\u2019est presque 4 d\u00e9cennies plus tard apr\u00e8s une grande carri\u00e8re dans la publicit\u00e9 que le pinceau retrouve \u00e0 nouveau sa main.<\/p>\n<p>Son travail laisse alors place \u00e0 des paysages d\u00e9nu\u00e9s de toute fronti\u00e8re. Pour l\u2019artiste, c&rsquo;est la fa\u00e7on dont ils peuvent se transformer en quelques minutes. Lorsque l&rsquo;on suit la c\u00f4te de pr\u00e8s, il arrive que le ciel soit d\u00e9gag\u00e9 et soudainement, il c\u00e8de la place \u00e0 un front m\u00e9t\u00e9orologique arrivant de la mer, modifiant rapidement l&rsquo;aspect et la sensation du paysage. Des d\u00e9tails familiers peuvent \u00eatre perdus dans un brouillard c\u00f4tier, effac\u00e9s par une temp\u00eate de pluie ou estomp\u00e9s par un soleil intense du matin ou du soir. C&rsquo;est dans ces transitions d&rsquo;un \u00e9tat \u00e0 l&rsquo;autre que se situent ses peintures. Des p\u00e9riodes vagabondes et non un seul moment en tant que tel.<\/p>\n<p>Elles ne sont pas non plus cens\u00e9es repr\u00e9senter un lieu particulier, d&rsquo;o\u00f9 l&rsquo;absence de noms g\u00e9ographiques. L&rsquo;id\u00e9e du lieu ne doit pas d\u00e9finir une image dans l&rsquo;esprit du spectateur. L\u2019artiste s&rsquo;efforce de cr\u00e9er des vues intemporelles, possiblement le souvenir d&rsquo;un endroit o\u00f9 vous \u00eates all\u00e9, un sentiment, une atmosph\u00e8re \u00e0 un moment donn\u00e9.<\/p>\n<p>La plupart des peintures sont r\u00e9alis\u00e9es \u00e0 partir de croquis, de photographies ou simplement de souvenirs d&rsquo;une promenade. Toutes les peintures sont construites \u00e0 partir de glacis minces combin\u00e9s \u00e0 une large palette. Les couleurs de base peuvent ensuite affecter les prochains glacis ou \u00eatre compl\u00e8tement effac\u00e9es pour \u00eatre \u00e0 nouveau r\u00e9v\u00e9l\u00e9es au fur et \u00e0 mesure que les couches sont retravaill\u00e9es alors qu&rsquo;elles sont encore humides.<\/p>\n<p><strong>\u00ab Ces peintures repr\u00e9sentent des paysages en pleine mutation. Elles invitent le spectateur \u00e0 s&rsquo;attarder, \u00e0 fl\u00e2ner et \u00e0 r\u00e9veiller un souvenir personnel. \u00bb<\/strong><\/p>\n<p>[\/et_pb_cta][\/et_pb_column][\/et_pb_row][\/et_pb_section][et_pb_section fb_built=\u00a0\u00bb1&Prime; admin_label=\u00a0\u00bbListe des projets\u00a0\u00bb module_class=\u00a0\u00bbartist-projects-section\u00a0\u00bb _builder_version=\u00a0\u00bb4.17.4&Prime; _module_preset=\u00a0\u00bbdefault\u00a0\u00bb global_colors_info=\u00a0\u00bb{}\u00a0\u00bb][et_pb_row module_class=\u00a0\u00bbartist-projects-row\u00a0\u00bb _builder_version=\u00a0\u00bb4.17.4&Prime; _module_preset=\u00a0\u00bbdefault\u00a0\u00bb global_colors_info=\u00a0\u00bb{}\u00a0\u00bb][et_pb_column type=\u00a0\u00bb4_4&Prime; _builder_version=\u00a0\u00bb4.17.4&Prime; _module_preset=\u00a0\u00bbdefault\u00a0\u00bb global_colors_info=\u00a0\u00bb{}\u00a0\u00bb][et_pb_portfolio posts_number=\u00a0\u00bb1000&Prime; include_categories=\u00a0\u00bb108&Prime; show_categories=\u00a0\u00bboff\u00a0\u00bb show_pagination=\u00a0\u00bboff\u00a0\u00bb admin_label=\u00a0\u00bbProjects\u00a0\u00bb module_class=\u00a0\u00bbartist-projects-module\u00a0\u00bb _builder_version=\u00a0\u00bb4.27.4&Prime; _module_preset=\u00a0\u00bbdefault\u00a0\u00bb animation_style=\u00a0\u00bbslide\u00a0\u00bb animation_direction=\u00a0\u00bbbottom\u00a0\u00bb animation_intensity_slide=\u00a0\u00bb2%\u00a0\u00bb global_colors_info=\u00a0\u00bb{}\u00a0\u00bb][\/et_pb_portfolio][\/et_pb_column][\/et_pb_row][\/et_pb_section][et_pb_section fb_built=\u00a0\u00bb1&Prime; admin_label=\u00a0\u00bbContact\u00a0\u00bb module_class=\u00a0\u00bbcontact-section\u00a0\u00bb _builder_version=\u00a0\u00bb4.17.4&Prime; _module_preset=\u00a0\u00bbdefault\u00a0\u00bb global_colors_info=\u00a0\u00bb{}\u00a0\u00bb][et_pb_row module_class=\u00a0\u00bbcontact-row\u00a0\u00bb _builder_version=\u00a0\u00bb4.17.4&Prime; _module_preset=\u00a0\u00bbdefault\u00a0\u00bb global_colors_info=\u00a0\u00bb{}\u00a0\u00bb][et_pb_column type=\u00a0\u00bb4_4&Prime; _builder_version=\u00a0\u00bb4.17.4&Prime; _module_preset=\u00a0\u00bbdefault\u00a0\u00bb global_colors_info=\u00a0\u00bb{}\u00a0\u00bb][et_pb_cta title=\u00a0\u00bbObtenir le catalogue des \u0153uvres ?\u00a0\u00bb button_url=\u00a0\u00bb\/fr\/contact\/\u00a0\u00bb button_text=\u00a0\u00bbContactez-nous\u00a0\u00bb admin_label=\u00a0\u00bbContenu\u00a0\u00bb module_class=\u00a0\u00bbcontact-module text-link\u00a0\u00bb _builder_version=\u00a0\u00bb4.17.4&Prime; _module_preset=\u00a0\u00bbdefault\u00a0\u00bb header_level=\u00a0\u00bbh3&Prime; background_layout=\u00a0\u00bblight\u00a0\u00bb animation_style=\u00a0\u00bbfade\u00a0\u00bb animation_duration=\u00a0\u00bb900ms\u00a0\u00bb animation_starting_opacity=\u00a0\u00bb5%\u00a0\u00bb global_colors_info=\u00a0\u00bb{}\u00a0\u00bb]<\/p>\n<p>Nous vous enverrons tous les renseignements n\u00e9cessaires pour vous aider \u00e0 choisir.<\/p>\n<p>[\/et_pb_cta][\/et_pb_column][\/et_pb_row][\/et_pb_section]<\/p>\n","protected":false},"excerpt":{"rendered":"<p>N\u00e9 en 1958 \u00e0 G\u00f6teborg, Stefan Kavsj\u00f6 est un peintre su\u00e9dois travaillant \u00e0 l\u2019huile sur toile. Il d\u00e9bute la peinture \u00e0 un jeune \u00e2ge en int\u00e9grant l\u2019\u00c9cole d\u2019art de Domen en 1980 et c\u2019est presque 4 d\u00e9cennies plus tard apr\u00e8s une grande carri\u00e8re dans la publicit\u00e9 que le pinceau retrouve \u00e0 nouveau sa main. Son travail laisse alors place \u00e0 des paysages d\u00e9nu\u00e9s de toute fronti\u00e8re. Pour l\u2019artiste, c&rsquo;est la fa\u00e7on dont ils peuvent se transformer en quelques minutes. Lorsque l&rsquo;on suit la c\u00f4te de pr\u00e8s, il arrive que le ciel soit d\u00e9gag\u00e9 et soudainement, il c\u00e8de la place \u00e0 un front m\u00e9t\u00e9orologique arrivant de la mer, modifiant rapidement l&rsquo;aspect et la sensation du paysage. Des d\u00e9tails familiers peuvent \u00eatre perdus dans un brouillard c\u00f4tier, effac\u00e9s par une temp\u00eate de pluie ou estomp\u00e9s par un soleil intense du matin ou du soir. C&rsquo;est dans ces transitions d&rsquo;un \u00e9tat \u00e0 l&rsquo;autre que se situent ses peintures. Des p\u00e9riodes vagabondes et non un seul moment en tant que tel. Elles ne sont pas non plus cens\u00e9es repr\u00e9senter un lieu particulier, d&rsquo;o\u00f9 l&rsquo;absence de noms g\u00e9ographiques. L&rsquo;id\u00e9e du lieu ne doit pas d\u00e9finir une image dans l&rsquo;esprit du spectateur. L\u2019artiste s&rsquo;efforce de cr\u00e9er [&hellip;]<\/p>\n","protected":false},"author":4,"featured_media":8653,"comment_status":"closed","ping_status":"closed","sticky":false,"template":"","format":"standard","meta":{"_et_pb_use_builder":"on","_et_pb_old_content":"","_et_gb_content_width":"","footnotes":""},"categories":[14],"tags":[],"class_list":["post-448","post","type-post","status-publish","format-standard","has-post-thumbnail","hentry","category-non-classifiee"],"yoast_head":"<!-- This site is optimized with the Yoast SEO plugin v27.5 - https:\/\/yoast.com\/product\/yoast-seo-wordpress\/ -->\n<title>Stefan Kavsj\u00f6 - Heimdall Gallery<\/title>\n<meta name=\"robots\" content=\"index, follow, max-snippet:-1, max-image-preview:large, max-video-preview:-1\" \/>\n<link rel=\"canonical\" href=\"https:\/\/heimdall-gallery.com\/fr\/stefan-kavsjo\/\" \/>\n<meta property=\"og:locale\" content=\"fr_FR\" \/>\n<meta property=\"og:type\" content=\"article\" \/>\n<meta property=\"og:title\" content=\"Stefan Kavsj\u00f6 - Heimdall Gallery\" \/>\n<meta property=\"og:description\" content=\"N\u00e9 en 1958 \u00e0 G\u00f6teborg, Stefan Kavsj\u00f6 est un peintre su\u00e9dois travaillant \u00e0 l\u2019huile sur toile. Il d\u00e9bute la peinture \u00e0 un jeune \u00e2ge en int\u00e9grant l\u2019\u00c9cole d\u2019art de Domen en 1980 et c\u2019est presque 4 d\u00e9cennies plus tard apr\u00e8s une grande carri\u00e8re dans la publicit\u00e9 que le pinceau retrouve \u00e0 nouveau sa main. Son travail laisse alors place \u00e0 des paysages d\u00e9nu\u00e9s de toute fronti\u00e8re. Pour l\u2019artiste, c&#039;est la fa\u00e7on dont ils peuvent se transformer en quelques minutes. Lorsque l&#039;on suit la c\u00f4te de pr\u00e8s, il arrive que le ciel soit d\u00e9gag\u00e9 et soudainement, il c\u00e8de la place \u00e0 un front m\u00e9t\u00e9orologique arrivant de la mer, modifiant rapidement l&#039;aspect et la sensation du paysage. Des d\u00e9tails familiers peuvent \u00eatre perdus dans un brouillard c\u00f4tier, effac\u00e9s par une temp\u00eate de pluie ou estomp\u00e9s par un soleil intense du matin ou du soir. C&#039;est dans ces transitions d&#039;un \u00e9tat \u00e0 l&#039;autre que se situent ses peintures. Des p\u00e9riodes vagabondes et non un seul moment en tant que tel. Elles ne sont pas non plus cens\u00e9es repr\u00e9senter un lieu particulier, d&#039;o\u00f9 l&#039;absence de noms g\u00e9ographiques. L&#039;id\u00e9e du lieu ne doit pas d\u00e9finir une image dans l&#039;esprit du spectateur. L\u2019artiste s&#039;efforce de cr\u00e9er [&hellip;]\" \/>\n<meta property=\"og:url\" content=\"https:\/\/heimdall-gallery.com\/fr\/stefan-kavsjo\/\" \/>\n<meta property=\"og:site_name\" content=\"Heimdall Gallery\" \/>\n<meta property=\"article:published_time\" content=\"2022-10-19T09:49:06+00:00\" \/>\n<meta property=\"article:modified_time\" content=\"2025-07-25T09:54:42+00:00\" \/>\n<meta property=\"og:image\" content=\"https:\/\/heimdall-gallery.com\/wp-content\/uploads\/2022\/10\/KAVSJO_imagesite.jpg\" \/>\n\t<meta property=\"og:image:width\" content=\"567\" \/>\n\t<meta property=\"og:image:height\" content=\"567\" \/>\n\t<meta property=\"og:image:type\" content=\"image\/jpeg\" \/>\n<meta name=\"author\" content=\"Andreas Fensby\" \/>\n<meta name=\"twitter:card\" content=\"summary_large_image\" \/>\n<meta name=\"twitter:label1\" content=\"\u00c9crit par\" \/>\n\t<meta name=\"twitter:data1\" content=\"Andreas Fensby\" \/>\n\t<meta name=\"twitter:label2\" content=\"Dur\u00e9e de lecture estim\u00e9e\" \/>\n\t<meta name=\"twitter:data2\" content=\"3 minutes\" \/>\n<script type=\"application\/ld+json\" class=\"yoast-schema-graph\">{\"@context\":\"https:\\\/\\\/schema.org\",\"@graph\":[{\"@type\":\"Article\",\"@id\":\"https:\\\/\\\/heimdall-gallery.com\\\/fr\\\/stefan-kavsjo\\\/#article\",\"isPartOf\":{\"@id\":\"https:\\\/\\\/heimdall-gallery.com\\\/fr\\\/stefan-kavsjo\\\/\"},\"author\":{\"name\":\"Andreas Fensby\",\"@id\":\"https:\\\/\\\/heimdall-gallery.com\\\/fr\\\/#\\\/schema\\\/person\\\/a146aac84b11d268989991d6d65fd64b\"},\"headline\":\"Stefan Kavsj\u00f6\",\"datePublished\":\"2022-10-19T09:49:06+00:00\",\"dateModified\":\"2025-07-25T09:54:42+00:00\",\"mainEntityOfPage\":{\"@id\":\"https:\\\/\\\/heimdall-gallery.com\\\/fr\\\/stefan-kavsjo\\\/\"},\"wordCount\":709,\"publisher\":{\"@id\":\"https:\\\/\\\/heimdall-gallery.com\\\/fr\\\/#organization\"},\"image\":{\"@id\":\"https:\\\/\\\/heimdall-gallery.com\\\/fr\\\/stefan-kavsjo\\\/#primaryimage\"},\"thumbnailUrl\":\"https:\\\/\\\/heimdall-gallery.com\\\/wp-content\\\/uploads\\\/2022\\\/10\\\/KAVSJO_imagesite.jpg\",\"articleSection\":[\"Non classifi\u00e9(e)\"],\"inLanguage\":\"fr-FR\"},{\"@type\":\"WebPage\",\"@id\":\"https:\\\/\\\/heimdall-gallery.com\\\/fr\\\/stefan-kavsjo\\\/\",\"url\":\"https:\\\/\\\/heimdall-gallery.com\\\/fr\\\/stefan-kavsjo\\\/\",\"name\":\"Stefan Kavsj\u00f6 - Heimdall Gallery\",\"isPartOf\":{\"@id\":\"https:\\\/\\\/heimdall-gallery.com\\\/fr\\\/#website\"},\"primaryImageOfPage\":{\"@id\":\"https:\\\/\\\/heimdall-gallery.com\\\/fr\\\/stefan-kavsjo\\\/#primaryimage\"},\"image\":{\"@id\":\"https:\\\/\\\/heimdall-gallery.com\\\/fr\\\/stefan-kavsjo\\\/#primaryimage\"},\"thumbnailUrl\":\"https:\\\/\\\/heimdall-gallery.com\\\/wp-content\\\/uploads\\\/2022\\\/10\\\/KAVSJO_imagesite.jpg\",\"datePublished\":\"2022-10-19T09:49:06+00:00\",\"dateModified\":\"2025-07-25T09:54:42+00:00\",\"breadcrumb\":{\"@id\":\"https:\\\/\\\/heimdall-gallery.com\\\/fr\\\/stefan-kavsjo\\\/#breadcrumb\"},\"inLanguage\":\"fr-FR\",\"potentialAction\":[{\"@type\":\"ReadAction\",\"target\":[\"https:\\\/\\\/heimdall-gallery.com\\\/fr\\\/stefan-kavsjo\\\/\"]}]},{\"@type\":\"ImageObject\",\"inLanguage\":\"fr-FR\",\"@id\":\"https:\\\/\\\/heimdall-gallery.com\\\/fr\\\/stefan-kavsjo\\\/#primaryimage\",\"url\":\"https:\\\/\\\/heimdall-gallery.com\\\/wp-content\\\/uploads\\\/2022\\\/10\\\/KAVSJO_imagesite.jpg\",\"contentUrl\":\"https:\\\/\\\/heimdall-gallery.com\\\/wp-content\\\/uploads\\\/2022\\\/10\\\/KAVSJO_imagesite.jpg\",\"width\":567,\"height\":567},{\"@type\":\"BreadcrumbList\",\"@id\":\"https:\\\/\\\/heimdall-gallery.com\\\/fr\\\/stefan-kavsjo\\\/#breadcrumb\",\"itemListElement\":[{\"@type\":\"ListItem\",\"position\":1,\"name\":\"Home\",\"item\":\"https:\\\/\\\/heimdall-gallery.com\\\/fr\\\/\"},{\"@type\":\"ListItem\",\"position\":2,\"name\":\"Stefan Kavsj\u00f6\"}]},{\"@type\":\"WebSite\",\"@id\":\"https:\\\/\\\/heimdall-gallery.com\\\/fr\\\/#website\",\"url\":\"https:\\\/\\\/heimdall-gallery.com\\\/fr\\\/\",\"name\":\"Heimdall Gallery\",\"description\":\"La beaut\u00e9 de la Scandinavie pour les passionn\u00e9s\",\"publisher\":{\"@id\":\"https:\\\/\\\/heimdall-gallery.com\\\/fr\\\/#organization\"},\"potentialAction\":[{\"@type\":\"SearchAction\",\"target\":{\"@type\":\"EntryPoint\",\"urlTemplate\":\"https:\\\/\\\/heimdall-gallery.com\\\/fr\\\/?s={search_term_string}\"},\"query-input\":{\"@type\":\"PropertyValueSpecification\",\"valueRequired\":true,\"valueName\":\"search_term_string\"}}],\"inLanguage\":\"fr-FR\"},{\"@type\":\"Organization\",\"@id\":\"https:\\\/\\\/heimdall-gallery.com\\\/fr\\\/#organization\",\"name\":\"Heimdall Gallery\",\"url\":\"https:\\\/\\\/heimdall-gallery.com\\\/fr\\\/\",\"logo\":{\"@type\":\"ImageObject\",\"inLanguage\":\"fr-FR\",\"@id\":\"https:\\\/\\\/heimdall-gallery.com\\\/fr\\\/#\\\/schema\\\/logo\\\/image\\\/\",\"url\":\"https:\\\/\\\/heimdall-gallery.com\\\/wp-content\\\/uploads\\\/2025\\\/08\\\/20220801_heimdall_logotype-bleu.jpg\",\"contentUrl\":\"https:\\\/\\\/heimdall-gallery.com\\\/wp-content\\\/uploads\\\/2025\\\/08\\\/20220801_heimdall_logotype-bleu.jpg\",\"width\":800,\"height\":800,\"caption\":\"Heimdall Gallery\"},\"image\":{\"@id\":\"https:\\\/\\\/heimdall-gallery.com\\\/fr\\\/#\\\/schema\\\/logo\\\/image\\\/\"},\"sameAs\":[\"https:\\\/\\\/www.instagram.com\\\/heimdall.gallery\\\/\"]},{\"@type\":\"Person\",\"@id\":\"https:\\\/\\\/heimdall-gallery.com\\\/fr\\\/#\\\/schema\\\/person\\\/a146aac84b11d268989991d6d65fd64b\",\"name\":\"Andreas Fensby\",\"image\":{\"@type\":\"ImageObject\",\"inLanguage\":\"fr-FR\",\"@id\":\"https:\\\/\\\/heimdall-gallery.com\\\/wp-content\\\/litespeed\\\/avatar\\\/9e37b47c05cafca64eefbff0c95883b5.jpg?ver=1777372437\",\"url\":\"https:\\\/\\\/heimdall-gallery.com\\\/wp-content\\\/litespeed\\\/avatar\\\/9e37b47c05cafca64eefbff0c95883b5.jpg?ver=1777372437\",\"contentUrl\":\"https:\\\/\\\/heimdall-gallery.com\\\/wp-content\\\/litespeed\\\/avatar\\\/9e37b47c05cafca64eefbff0c95883b5.jpg?ver=1777372437\",\"caption\":\"Andreas Fensby\"},\"url\":\"https:\\\/\\\/heimdall-gallery.com\\\/fr\\\/author\\\/andreas\\\/\"}]}<\/script>\n<!-- \/ Yoast SEO plugin. -->","yoast_head_json":{"title":"Stefan Kavsj\u00f6 - Heimdall Gallery","robots":{"index":"index","follow":"follow","max-snippet":"max-snippet:-1","max-image-preview":"max-image-preview:large","max-video-preview":"max-video-preview:-1"},"canonical":"https:\/\/heimdall-gallery.com\/fr\/stefan-kavsjo\/","og_locale":"fr_FR","og_type":"article","og_title":"Stefan Kavsj\u00f6 - Heimdall Gallery","og_description":"N\u00e9 en 1958 \u00e0 G\u00f6teborg, Stefan Kavsj\u00f6 est un peintre su\u00e9dois travaillant \u00e0 l\u2019huile sur toile. Il d\u00e9bute la peinture \u00e0 un jeune \u00e2ge en int\u00e9grant l\u2019\u00c9cole d\u2019art de Domen en 1980 et c\u2019est presque 4 d\u00e9cennies plus tard apr\u00e8s une grande carri\u00e8re dans la publicit\u00e9 que le pinceau retrouve \u00e0 nouveau sa main. Son travail laisse alors place \u00e0 des paysages d\u00e9nu\u00e9s de toute fronti\u00e8re. Pour l\u2019artiste, c'est la fa\u00e7on dont ils peuvent se transformer en quelques minutes. Lorsque l'on suit la c\u00f4te de pr\u00e8s, il arrive que le ciel soit d\u00e9gag\u00e9 et soudainement, il c\u00e8de la place \u00e0 un front m\u00e9t\u00e9orologique arrivant de la mer, modifiant rapidement l'aspect et la sensation du paysage. Des d\u00e9tails familiers peuvent \u00eatre perdus dans un brouillard c\u00f4tier, effac\u00e9s par une temp\u00eate de pluie ou estomp\u00e9s par un soleil intense du matin ou du soir. C'est dans ces transitions d'un \u00e9tat \u00e0 l'autre que se situent ses peintures. Des p\u00e9riodes vagabondes et non un seul moment en tant que tel. Elles ne sont pas non plus cens\u00e9es repr\u00e9senter un lieu particulier, d'o\u00f9 l'absence de noms g\u00e9ographiques. L'id\u00e9e du lieu ne doit pas d\u00e9finir une image dans l'esprit du spectateur. L\u2019artiste s'efforce de cr\u00e9er [&hellip;]","og_url":"https:\/\/heimdall-gallery.com\/fr\/stefan-kavsjo\/","og_site_name":"Heimdall Gallery","article_published_time":"2022-10-19T09:49:06+00:00","article_modified_time":"2025-07-25T09:54:42+00:00","og_image":[{"width":567,"height":567,"url":"https:\/\/heimdall-gallery.com\/wp-content\/uploads\/2022\/10\/KAVSJO_imagesite.jpg","type":"image\/jpeg"}],"author":"Andreas Fensby","twitter_card":"summary_large_image","twitter_misc":{"\u00c9crit par":"Andreas Fensby","Dur\u00e9e de lecture estim\u00e9e":"3 minutes"},"schema":{"@context":"https:\/\/schema.org","@graph":[{"@type":"Article","@id":"https:\/\/heimdall-gallery.com\/fr\/stefan-kavsjo\/#article","isPartOf":{"@id":"https:\/\/heimdall-gallery.com\/fr\/stefan-kavsjo\/"},"author":{"name":"Andreas Fensby","@id":"https:\/\/heimdall-gallery.com\/fr\/#\/schema\/person\/a146aac84b11d268989991d6d65fd64b"},"headline":"Stefan Kavsj\u00f6","datePublished":"2022-10-19T09:49:06+00:00","dateModified":"2025-07-25T09:54:42+00:00","mainEntityOfPage":{"@id":"https:\/\/heimdall-gallery.com\/fr\/stefan-kavsjo\/"},"wordCount":709,"publisher":{"@id":"https:\/\/heimdall-gallery.com\/fr\/#organization"},"image":{"@id":"https:\/\/heimdall-gallery.com\/fr\/stefan-kavsjo\/#primaryimage"},"thumbnailUrl":"https:\/\/heimdall-gallery.com\/wp-content\/uploads\/2022\/10\/KAVSJO_imagesite.jpg","articleSection":["Non classifi\u00e9(e)"],"inLanguage":"fr-FR"},{"@type":"WebPage","@id":"https:\/\/heimdall-gallery.com\/fr\/stefan-kavsjo\/","url":"https:\/\/heimdall-gallery.com\/fr\/stefan-kavsjo\/","name":"Stefan Kavsj\u00f6 - Heimdall Gallery","isPartOf":{"@id":"https:\/\/heimdall-gallery.com\/fr\/#website"},"primaryImageOfPage":{"@id":"https:\/\/heimdall-gallery.com\/fr\/stefan-kavsjo\/#primaryimage"},"image":{"@id":"https:\/\/heimdall-gallery.com\/fr\/stefan-kavsjo\/#primaryimage"},"thumbnailUrl":"https:\/\/heimdall-gallery.com\/wp-content\/uploads\/2022\/10\/KAVSJO_imagesite.jpg","datePublished":"2022-10-19T09:49:06+00:00","dateModified":"2025-07-25T09:54:42+00:00","breadcrumb":{"@id":"https:\/\/heimdall-gallery.com\/fr\/stefan-kavsjo\/#breadcrumb"},"inLanguage":"fr-FR","potentialAction":[{"@type":"ReadAction","target":["https:\/\/heimdall-gallery.com\/fr\/stefan-kavsjo\/"]}]},{"@type":"ImageObject","inLanguage":"fr-FR","@id":"https:\/\/heimdall-gallery.com\/fr\/stefan-kavsjo\/#primaryimage","url":"https:\/\/heimdall-gallery.com\/wp-content\/uploads\/2022\/10\/KAVSJO_imagesite.jpg","contentUrl":"https:\/\/heimdall-gallery.com\/wp-content\/uploads\/2022\/10\/KAVSJO_imagesite.jpg","width":567,"height":567},{"@type":"BreadcrumbList","@id":"https:\/\/heimdall-gallery.com\/fr\/stefan-kavsjo\/#breadcrumb","itemListElement":[{"@type":"ListItem","position":1,"name":"Home","item":"https:\/\/heimdall-gallery.com\/fr\/"},{"@type":"ListItem","position":2,"name":"Stefan Kavsj\u00f6"}]},{"@type":"WebSite","@id":"https:\/\/heimdall-gallery.com\/fr\/#website","url":"https:\/\/heimdall-gallery.com\/fr\/","name":"Heimdall Gallery","description":"La beaut\u00e9 de la Scandinavie pour les passionn\u00e9s","publisher":{"@id":"https:\/\/heimdall-gallery.com\/fr\/#organization"},"potentialAction":[{"@type":"SearchAction","target":{"@type":"EntryPoint","urlTemplate":"https:\/\/heimdall-gallery.com\/fr\/?s={search_term_string}"},"query-input":{"@type":"PropertyValueSpecification","valueRequired":true,"valueName":"search_term_string"}}],"inLanguage":"fr-FR"},{"@type":"Organization","@id":"https:\/\/heimdall-gallery.com\/fr\/#organization","name":"Heimdall Gallery","url":"https:\/\/heimdall-gallery.com\/fr\/","logo":{"@type":"ImageObject","inLanguage":"fr-FR","@id":"https:\/\/heimdall-gallery.com\/fr\/#\/schema\/logo\/image\/","url":"https:\/\/heimdall-gallery.com\/wp-content\/uploads\/2025\/08\/20220801_heimdall_logotype-bleu.jpg","contentUrl":"https:\/\/heimdall-gallery.com\/wp-content\/uploads\/2025\/08\/20220801_heimdall_logotype-bleu.jpg","width":800,"height":800,"caption":"Heimdall Gallery"},"image":{"@id":"https:\/\/heimdall-gallery.com\/fr\/#\/schema\/logo\/image\/"},"sameAs":["https:\/\/www.instagram.com\/heimdall.gallery\/"]},{"@type":"Person","@id":"https:\/\/heimdall-gallery.com\/fr\/#\/schema\/person\/a146aac84b11d268989991d6d65fd64b","name":"Andreas Fensby","image":{"@type":"ImageObject","inLanguage":"fr-FR","@id":"https:\/\/heimdall-gallery.com\/wp-content\/litespeed\/avatar\/9e37b47c05cafca64eefbff0c95883b5.jpg?ver=1777372437","url":"https:\/\/heimdall-gallery.com\/wp-content\/litespeed\/avatar\/9e37b47c05cafca64eefbff0c95883b5.jpg?ver=1777372437","contentUrl":"https:\/\/heimdall-gallery.com\/wp-content\/litespeed\/avatar\/9e37b47c05cafca64eefbff0c95883b5.jpg?ver=1777372437","caption":"Andreas Fensby"},"url":"https:\/\/heimdall-gallery.com\/fr\/author\/andreas\/"}]}},"_links":{"self":[{"href":"https:\/\/heimdall-gallery.com\/fr\/wp-json\/wp\/v2\/posts\/448","targetHints":{"allow":["GET"]}}],"collection":[{"href":"https:\/\/heimdall-gallery.com\/fr\/wp-json\/wp\/v2\/posts"}],"about":[{"href":"https:\/\/heimdall-gallery.com\/fr\/wp-json\/wp\/v2\/types\/post"}],"author":[{"embeddable":true,"href":"https:\/\/heimdall-gallery.com\/fr\/wp-json\/wp\/v2\/users\/4"}],"replies":[{"embeddable":true,"href":"https:\/\/heimdall-gallery.com\/fr\/wp-json\/wp\/v2\/comments?post=448"}],"version-history":[{"count":7,"href":"https:\/\/heimdall-gallery.com\/fr\/wp-json\/wp\/v2\/posts\/448\/revisions"}],"predecessor-version":[{"id":9452,"href":"https:\/\/heimdall-gallery.com\/fr\/wp-json\/wp\/v2\/posts\/448\/revisions\/9452"}],"wp:featuredmedia":[{"embeddable":true,"href":"https:\/\/heimdall-gallery.com\/fr\/wp-json\/wp\/v2\/media\/8653"}],"wp:attachment":[{"href":"https:\/\/heimdall-gallery.com\/fr\/wp-json\/wp\/v2\/media?parent=448"}],"wp:term":[{"taxonomy":"category","embeddable":true,"href":"https:\/\/heimdall-gallery.com\/fr\/wp-json\/wp\/v2\/categories?post=448"},{"taxonomy":"post_tag","embeddable":true,"href":"https:\/\/heimdall-gallery.com\/fr\/wp-json\/wp\/v2\/tags?post=448"}],"curies":[{"name":"wp","href":"https:\/\/api.w.org\/{rel}","templated":true}]}}